{"id":43425,"date":"2012-11-09T16:23:09","date_gmt":"2012-11-09T21:23:09","guid":{"rendered":"http:\/\/footballfashion.org\/wordpress\/?p=43425"},"modified":"2021-06-15T23:19:01","modified_gmt":"2021-06-16T03:19:01","slug":"spain-adidas-2013-confederations-cup-home-jersey","status":"publish","type":"post","link":"https:\/\/footballfashion.org\/wordpress\/2012\/11\/09\/spain-adidas-2013-confederations-cup-home-jersey\/","title":{"rendered":"Spain adidas 2013 Confederations Cup Home Jersey"},"content":{"rendered":"\n<p>The Real Federaci\u00f3n Espa\u00f1ola de F\u00fatbol (RFEF) and technical sponsor adidas has officially launched the Spain 2013 FIFA Confederations Cup home kit. <\/p>\n\n\n\n<div class=\"wp-block-image\"><figure class=\"aligncenter size-large is-resized\"><a href=\"https:\/\/footballfashion.org\/wordpress\/wp-content\/uploads\/2021\/06\/spain-2013-confederarions-cup-adidas-jersey.jpg\" target=\"_blank\" rel=\"noopener\"><img fetchpriority=\"high\" decoding=\"async\" src=\"data:image\/gif;base64,R0lGODlhAQABAAAAACH5BAEKAAEALAAAAAABAAEAAAICTAEAOw==\" data-src=\"https:\/\/footballfashion.org\/wordpress\/wp-content\/uploads\/2021\/06\/spain-2013-confederarions-cup-adidas-jersey-392x400.jpg\" alt=\"\" class=\"wp-image-126692 lazyload\" width=\"559\" height=\"570\" data-sizes=\"auto\" data-srcset=\"https:\/\/footballfashion.org\/wordpress\/wp-content\/uploads\/2021\/06\/spain-2013-confederarions-cup-adidas-jersey-392x400.jpg 392w, https:\/\/footballfashion.org\/wordpress\/wp-content\/uploads\/2021\/06\/spain-2013-confederarions-cup-adidas-jersey-294x300.jpg 294w, https:\/\/footballfashion.org\/wordpress\/wp-content\/uploads\/2021\/06\/spain-2013-confederarions-cup-adidas-jersey.jpg 833w\" sizes=\"(max-width: 559px) 100vw, 559px\" \/><\/a><\/figure><\/div>\n\n\n\n<p><wp-block data-block=\"core\/more\"><\/p>\n\n\n\n<p>The uniform that the defending World Cup and EURO champions will wear during next years tournament in Brazil was presented to media in Madrid on Friday following the announcement of the Spain squad that will face Panama in a friendly on November 14th. The match will see the on the field debut of the new Furia Roja kit.<\/p>\n\n\n\n<p>The Spain adidas 2013 Confederations Cup is in the team&#8217;s traditional gold accents and blue sleeve cuffs. It also features a prominent gold V in the neck area that is inspired by a similar V on the 1924 Spanish shirt.<\/p>\n\n\n\n<p class=\"has-text-align-center\"><\/p>\n","protected":false},"excerpt":{"rendered":"<p>The Real Federaci\u00f3n Espa\u00f1ola de F\u00fatbol (RFEF) and technical sponsor adidas has officially launched the Spain 2013 FIFA Confederations Cup home kit. The uniform that the defending World Cup and EURO champions will wear during next years tournament in Brazil was presented to media in Madrid on Friday following the announcement of the Spain squad [&hellip;]<\/p>\n","protected":false},"author":4,"featured_media":126692,"comment_status":"open","ping_status":"open","sticky":false,"template":"","format":"standard","meta":{"footnotes":""},"categories":[1934,2247,50,37],"tags":[2762,2184,2763,2750,1390,2742],"class_list":["post-43425","post","type-post","status-publish","format-standard","has-post-thumbnail","hentry","category-201213-kits-jerseys","category-201314-kits-jerseys","category-adidas","category-spanish-la-liga","tag-201213-kits-jerseys","tag-2013-fifa-confederations-cup","tag-201314-kits-jerseys","tag-adidas","tag-spain","tag-spanish-la-liga"],"yoast_head":"<!-- This site is optimized with the Yoast SEO plugin v27.4 - https:\/\/yoast.com\/product\/yoast-seo-wordpress\/ -->\n<title>Spain adidas 2013 Confederations Cup Home Jersey - FOOTBALL FASHION<\/title>\n<meta name=\"robots\" content=\"index, follow, max-snippet:-1, max-image-preview:large, max-video-preview:-1\" \/>\n<link rel=\"canonical\" href=\"https:\/\/footballfashion.org\/wordpress\/2012\/11\/09\/spain-adidas-2013-confederations-cup-home-jersey\/\" \/>\n<meta property=\"og:locale\" content=\"en_US\" \/>\n<meta property=\"og:type\" content=\"article\" \/>\n<meta property=\"og:title\" content=\"Spain adidas 2013 Confederations Cup Home Jersey - FOOTBALL FASHION\" \/>\n<meta property=\"og:description\" content=\"The Real Federaci\u00f3n Espa\u00f1ola de F\u00fatbol (RFEF) and technical sponsor adidas has officially launched the Spain 2013 FIFA Confederations Cup home kit. The uniform that the defending World Cup and EURO champions will wear during next years tournament in Brazil was presented to media in Madrid on Friday following the announcement of the Spain squad [&hellip;]\" \/>\n<meta property=\"og:url\" content=\"https:\/\/footballfashion.org\/wordpress\/2012\/11\/09\/spain-adidas-2013-confederations-cup-home-jersey\/\" \/>\n<meta property=\"og:site_name\" content=\"FOOTBALL FASHION\" \/>\n<meta property=\"article:publisher\" content=\"http:\/\/www.facebook.com\/footballfashion\" \/>\n<meta property=\"article:published_time\" content=\"2012-11-09T21:23:09+00:00\" \/>\n<meta property=\"article:modified_time\" content=\"2021-06-16T03:19:01+00:00\" \/>\n<meta property=\"og:image\" content=\"https:\/\/i0.wp.com\/footballfashion.org\/wordpress\/wp-content\/uploads\/2021\/06\/spain-2013-confederarions-cup-adidas-jersey.jpg?fit=833%2C849&ssl=1\" \/>\n\t<meta property=\"og:image:width\" content=\"833\" \/>\n\t<meta property=\"og:image:height\" content=\"849\" \/>\n\t<meta property=\"og:image:type\" content=\"image\/jpeg\" \/>\n<meta name=\"author\" content=\"Football Fashion Staff\" \/>\n<meta name=\"twitter:card\" content=\"summary_large_image\" \/>\n<meta name=\"twitter:creator\" content=\"@footballfashion\" \/>\n<meta name=\"twitter:site\" content=\"@footballfashion\" \/>\n<meta name=\"twitter:label1\" content=\"Written by\" \/>\n\t<meta name=\"twitter:data1\" content=\"Football Fashion Staff\" \/>\n\t<meta name=\"twitter:label2\" content=\"Est. reading time\" \/>\n\t<meta name=\"twitter:data2\" content=\"1 minute\" \/>\n<script type=\"application\/ld+json\" class=\"yoast-schema-graph\">{\"@context\":\"https:\\\/\\\/schema.org\",\"@graph\":[{\"@type\":\"Article\",\"@id\":\"https:\\\/\\\/footballfashion.org\\\/wordpress\\\/2012\\\/11\\\/09\\\/spain-adidas-2013-confederations-cup-home-jersey\\\/#article\",\"isPartOf\":{\"@id\":\"https:\\\/\\\/footballfashion.org\\\/wordpress\\\/2012\\\/11\\\/09\\\/spain-adidas-2013-confederations-cup-home-jersey\\\/\"},\"author\":{\"name\":\"Football Fashion Staff\",\"@id\":\"https:\\\/\\\/footballfashion.org\\\/wordpress\\\/#\\\/schema\\\/person\\\/7b94acd31a9125d2469d4be3d485ccf9\"},\"headline\":\"Spain adidas 2013 Confederations Cup Home Jersey\",\"datePublished\":\"2012-11-09T21:23:09+00:00\",\"dateModified\":\"2021-06-16T03:19:01+00:00\",\"mainEntityOfPage\":{\"@id\":\"https:\\\/\\\/footballfashion.org\\\/wordpress\\\/2012\\\/11\\\/09\\\/spain-adidas-2013-confederations-cup-home-jersey\\\/\"},\"wordCount\":127,\"commentCount\":0,\"image\":{\"@id\":\"https:\\\/\\\/footballfashion.org\\\/wordpress\\\/2012\\\/11\\\/09\\\/spain-adidas-2013-confederations-cup-home-jersey\\\/#primaryimage\"},\"thumbnailUrl\":\"https:\\\/\\\/footballfashion.org\\\/wordpress\\\/wp-content\\\/uploads\\\/2021\\\/06\\\/spain-2013-confederarions-cup-adidas-jersey.jpg\",\"keywords\":[\"2012\\\/13 Kits &amp; Jerseys\",\"2013 FIFA Confederations Cup\",\"2013\\\/14 Kits &amp; Jerseys\",\"adidas\",\"Spain\",\"Spanish La Liga\"],\"articleSection\":[\"2012\\\/13 Kits\",\"2013\\\/14 Kits\",\"adidas\",\"Spanish La Liga\"],\"inLanguage\":\"en-US\",\"potentialAction\":[{\"@type\":\"CommentAction\",\"name\":\"Comment\",\"target\":[\"https:\\\/\\\/footballfashion.org\\\/wordpress\\\/2012\\\/11\\\/09\\\/spain-adidas-2013-confederations-cup-home-jersey\\\/#respond\"]}]},{\"@type\":\"WebPage\",\"@id\":\"https:\\\/\\\/footballfashion.org\\\/wordpress\\\/2012\\\/11\\\/09\\\/spain-adidas-2013-confederations-cup-home-jersey\\\/\",\"url\":\"https:\\\/\\\/footballfashion.org\\\/wordpress\\\/2012\\\/11\\\/09\\\/spain-adidas-2013-confederations-cup-home-jersey\\\/\",\"name\":\"Spain adidas 2013 Confederations Cup Home Jersey - FOOTBALL FASHION\",\"isPartOf\":{\"@id\":\"https:\\\/\\\/footballfashion.org\\\/wordpress\\\/#website\"},\"primaryImageOfPage\":{\"@id\":\"https:\\\/\\\/footballfashion.org\\\/wordpress\\\/2012\\\/11\\\/09\\\/spain-adidas-2013-confederations-cup-home-jersey\\\/#primaryimage\"},\"image\":{\"@id\":\"https:\\\/\\\/footballfashion.org\\\/wordpress\\\/2012\\\/11\\\/09\\\/spain-adidas-2013-confederations-cup-home-jersey\\\/#primaryimage\"},\"thumbnailUrl\":\"https:\\\/\\\/footballfashion.org\\\/wordpress\\\/wp-content\\\/uploads\\\/2021\\\/06\\\/spain-2013-confederarions-cup-adidas-jersey.jpg\",\"datePublished\":\"2012-11-09T21:23:09+00:00\",\"dateModified\":\"2021-06-16T03:19:01+00:00\",\"author\":{\"@id\":\"https:\\\/\\\/footballfashion.org\\\/wordpress\\\/#\\\/schema\\\/person\\\/7b94acd31a9125d2469d4be3d485ccf9\"},\"breadcrumb\":{\"@id\":\"https:\\\/\\\/footballfashion.org\\\/wordpress\\\/2012\\\/11\\\/09\\\/spain-adidas-2013-confederations-cup-home-jersey\\\/#breadcrumb\"},\"inLanguage\":\"en-US\",\"potentialAction\":[{\"@type\":\"ReadAction\",\"target\":[\"https:\\\/\\\/footballfashion.org\\\/wordpress\\\/2012\\\/11\\\/09\\\/spain-adidas-2013-confederations-cup-home-jersey\\\/\"]}]},{\"@type\":\"ImageObject\",\"inLanguage\":\"en-US\",\"@id\":\"https:\\\/\\\/footballfashion.org\\\/wordpress\\\/2012\\\/11\\\/09\\\/spain-adidas-2013-confederations-cup-home-jersey\\\/#primaryimage\",\"url\":\"https:\\\/\\\/footballfashion.org\\\/wordpress\\\/wp-content\\\/uploads\\\/2021\\\/06\\\/spain-2013-confederarions-cup-adidas-jersey.jpg\",\"contentUrl\":\"https:\\\/\\\/footballfashion.org\\\/wordpress\\\/wp-content\\\/uploads\\\/2021\\\/06\\\/spain-2013-confederarions-cup-adidas-jersey.jpg\",\"width\":833,\"height\":849},{\"@type\":\"BreadcrumbList\",\"@id\":\"https:\\\/\\\/footballfashion.org\\\/wordpress\\\/2012\\\/11\\\/09\\\/spain-adidas-2013-confederations-cup-home-jersey\\\/#breadcrumb\",\"itemListElement\":[{\"@type\":\"ListItem\",\"position\":1,\"name\":\"Home\",\"item\":\"https:\\\/\\\/footballfashion.org\\\/wordpress\\\/\"},{\"@type\":\"ListItem\",\"position\":2,\"name\":\"Spain adidas 2013 Confederations Cup Home Jersey\"}]},{\"@type\":\"WebSite\",\"@id\":\"https:\\\/\\\/footballfashion.org\\\/wordpress\\\/#website\",\"url\":\"https:\\\/\\\/footballfashion.org\\\/wordpress\\\/\",\"name\":\"FOOTBALL FASHION.ORG\",\"description\":\"Football \\\/ soccer news, clothes, jerseys and gear with a touch of rugby thrown in\",\"potentialAction\":[{\"@type\":\"SearchAction\",\"target\":{\"@type\":\"EntryPoint\",\"urlTemplate\":\"https:\\\/\\\/footballfashion.org\\\/wordpress\\\/?s={search_term_string}\"},\"query-input\":{\"@type\":\"PropertyValueSpecification\",\"valueRequired\":true,\"valueName\":\"search_term_string\"}}],\"inLanguage\":\"en-US\"},{\"@type\":\"Person\",\"@id\":\"https:\\\/\\\/footballfashion.org\\\/wordpress\\\/#\\\/schema\\\/person\\\/7b94acd31a9125d2469d4be3d485ccf9\",\"name\":\"Football Fashion Staff\",\"url\":\"https:\\\/\\\/footballfashion.org\\\/wordpress\\\/author\\\/admin-2\\\/\"}]}<\/script>\n<!-- \/ Yoast SEO plugin. -->","yoast_head_json":{"title":"Spain adidas 2013 Confederations Cup Home Jersey - FOOTBALL FASHION","robots":{"index":"index","follow":"follow","max-snippet":"max-snippet:-1","max-image-preview":"max-image-preview:large","max-video-preview":"max-video-preview:-1"},"canonical":"https:\/\/footballfashion.org\/wordpress\/2012\/11\/09\/spain-adidas-2013-confederations-cup-home-jersey\/","og_locale":"en_US","og_type":"article","og_title":"Spain adidas 2013 Confederations Cup Home Jersey - FOOTBALL FASHION","og_description":"The Real Federaci\u00f3n Espa\u00f1ola de F\u00fatbol (RFEF) and technical sponsor adidas has officially launched the Spain 2013 FIFA Confederations Cup home kit. The uniform that the defending World Cup and EURO champions will wear during next years tournament in Brazil was presented to media in Madrid on Friday following the announcement of the Spain squad [&hellip;]","og_url":"https:\/\/footballfashion.org\/wordpress\/2012\/11\/09\/spain-adidas-2013-confederations-cup-home-jersey\/","og_site_name":"FOOTBALL FASHION","article_publisher":"http:\/\/www.facebook.com\/footballfashion","article_published_time":"2012-11-09T21:23:09+00:00","article_modified_time":"2021-06-16T03:19:01+00:00","og_image":[{"width":833,"height":849,"url":"https:\/\/i0.wp.com\/footballfashion.org\/wordpress\/wp-content\/uploads\/2021\/06\/spain-2013-confederarions-cup-adidas-jersey.jpg?fit=833%2C849&ssl=1","type":"image\/jpeg"}],"author":"Football Fashion Staff","twitter_card":"summary_large_image","twitter_creator":"@footballfashion","twitter_site":"@footballfashion","twitter_misc":{"Written by":"Football Fashion Staff","Est. reading time":"1 minute"},"schema":{"@context":"https:\/\/schema.org","@graph":[{"@type":"Article","@id":"https:\/\/footballfashion.org\/wordpress\/2012\/11\/09\/spain-adidas-2013-confederations-cup-home-jersey\/#article","isPartOf":{"@id":"https:\/\/footballfashion.org\/wordpress\/2012\/11\/09\/spain-adidas-2013-confederations-cup-home-jersey\/"},"author":{"name":"Football Fashion Staff","@id":"https:\/\/footballfashion.org\/wordpress\/#\/schema\/person\/7b94acd31a9125d2469d4be3d485ccf9"},"headline":"Spain adidas 2013 Confederations Cup Home Jersey","datePublished":"2012-11-09T21:23:09+00:00","dateModified":"2021-06-16T03:19:01+00:00","mainEntityOfPage":{"@id":"https:\/\/footballfashion.org\/wordpress\/2012\/11\/09\/spain-adidas-2013-confederations-cup-home-jersey\/"},"wordCount":127,"commentCount":0,"image":{"@id":"https:\/\/footballfashion.org\/wordpress\/2012\/11\/09\/spain-adidas-2013-confederations-cup-home-jersey\/#primaryimage"},"thumbnailUrl":"https:\/\/footballfashion.org\/wordpress\/wp-content\/uploads\/2021\/06\/spain-2013-confederarions-cup-adidas-jersey.jpg","keywords":["2012\/13 Kits &amp; Jerseys","2013 FIFA Confederations Cup","2013\/14 Kits &amp; Jerseys","adidas","Spain","Spanish La Liga"],"articleSection":["2012\/13 Kits","2013\/14 Kits","adidas","Spanish La Liga"],"inLanguage":"en-US","potentialAction":[{"@type":"CommentAction","name":"Comment","target":["https:\/\/footballfashion.org\/wordpress\/2012\/11\/09\/spain-adidas-2013-confederations-cup-home-jersey\/#respond"]}]},{"@type":"WebPage","@id":"https:\/\/footballfashion.org\/wordpress\/2012\/11\/09\/spain-adidas-2013-confederations-cup-home-jersey\/","url":"https:\/\/footballfashion.org\/wordpress\/2012\/11\/09\/spain-adidas-2013-confederations-cup-home-jersey\/","name":"Spain adidas 2013 Confederations Cup Home Jersey - FOOTBALL FASHION","isPartOf":{"@id":"https:\/\/footballfashion.org\/wordpress\/#website"},"primaryImageOfPage":{"@id":"https:\/\/footballfashion.org\/wordpress\/2012\/11\/09\/spain-adidas-2013-confederations-cup-home-jersey\/#primaryimage"},"image":{"@id":"https:\/\/footballfashion.org\/wordpress\/2012\/11\/09\/spain-adidas-2013-confederations-cup-home-jersey\/#primaryimage"},"thumbnailUrl":"https:\/\/footballfashion.org\/wordpress\/wp-content\/uploads\/2021\/06\/spain-2013-confederarions-cup-adidas-jersey.jpg","datePublished":"2012-11-09T21:23:09+00:00","dateModified":"2021-06-16T03:19:01+00:00","author":{"@id":"https:\/\/footballfashion.org\/wordpress\/#\/schema\/person\/7b94acd31a9125d2469d4be3d485ccf9"},"breadcrumb":{"@id":"https:\/\/footballfashion.org\/wordpress\/2012\/11\/09\/spain-adidas-2013-confederations-cup-home-jersey\/#breadcrumb"},"inLanguage":"en-US","potentialAction":[{"@type":"ReadAction","target":["https:\/\/footballfashion.org\/wordpress\/2012\/11\/09\/spain-adidas-2013-confederations-cup-home-jersey\/"]}]},{"@type":"ImageObject","inLanguage":"en-US","@id":"https:\/\/footballfashion.org\/wordpress\/2012\/11\/09\/spain-adidas-2013-confederations-cup-home-jersey\/#primaryimage","url":"https:\/\/footballfashion.org\/wordpress\/wp-content\/uploads\/2021\/06\/spain-2013-confederarions-cup-adidas-jersey.jpg","contentUrl":"https:\/\/footballfashion.org\/wordpress\/wp-content\/uploads\/2021\/06\/spain-2013-confederarions-cup-adidas-jersey.jpg","width":833,"height":849},{"@type":"BreadcrumbList","@id":"https:\/\/footballfashion.org\/wordpress\/2012\/11\/09\/spain-adidas-2013-confederations-cup-home-jersey\/#breadcrumb","itemListElement":[{"@type":"ListItem","position":1,"name":"Home","item":"https:\/\/footballfashion.org\/wordpress\/"},{"@type":"ListItem","position":2,"name":"Spain adidas 2013 Confederations Cup Home Jersey"}]},{"@type":"WebSite","@id":"https:\/\/footballfashion.org\/wordpress\/#website","url":"https:\/\/footballfashion.org\/wordpress\/","name":"FOOTBALL FASHION.ORG","description":"Football \/ soccer news, clothes, jerseys and gear with a touch of rugby thrown in","potentialAction":[{"@type":"SearchAction","target":{"@type":"EntryPoint","urlTemplate":"https:\/\/footballfashion.org\/wordpress\/?s={search_term_string}"},"query-input":{"@type":"PropertyValueSpecification","valueRequired":true,"valueName":"search_term_string"}}],"inLanguage":"en-US"},{"@type":"Person","@id":"https:\/\/footballfashion.org\/wordpress\/#\/schema\/person\/7b94acd31a9125d2469d4be3d485ccf9","name":"Football Fashion Staff","url":"https:\/\/footballfashion.org\/wordpress\/author\/admin-2\/"}]}},"jetpack_featured_media_url":"https:\/\/footballfashion.org\/wordpress\/wp-content\/uploads\/2021\/06\/spain-2013-confederarions-cup-adidas-jersey.jpg","amp_enabled":true,"_links":{"self":[{"href":"https:\/\/footballfashion.org\/wordpress\/wp-json\/wp\/v2\/posts\/43425","targetHints":{"allow":["GET"]}}],"collection":[{"href":"https:\/\/footballfashion.org\/wordpress\/wp-json\/wp\/v2\/posts"}],"about":[{"href":"https:\/\/footballfashion.org\/wordpress\/wp-json\/wp\/v2\/types\/post"}],"author":[{"embeddable":true,"href":"https:\/\/footballfashion.org\/wordpress\/wp-json\/wp\/v2\/users\/4"}],"replies":[{"embeddable":true,"href":"https:\/\/footballfashion.org\/wordpress\/wp-json\/wp\/v2\/comments?post=43425"}],"version-history":[{"count":29,"href":"https:\/\/footballfashion.org\/wordpress\/wp-json\/wp\/v2\/posts\/43425\/revisions"}],"predecessor-version":[{"id":126693,"href":"https:\/\/footballfashion.org\/wordpress\/wp-json\/wp\/v2\/posts\/43425\/revisions\/126693"}],"wp:featuredmedia":[{"embeddable":true,"href":"https:\/\/footballfashion.org\/wordpress\/wp-json\/wp\/v2\/media\/126692"}],"wp:attachment":[{"href":"https:\/\/footballfashion.org\/wordpress\/wp-json\/wp\/v2\/media?parent=43425"}],"wp:term":[{"taxonomy":"category","embeddable":true,"href":"https:\/\/footballfashion.org\/wordpress\/wp-json\/wp\/v2\/categories?post=43425"},{"taxonomy":"post_tag","embeddable":true,"href":"https:\/\/footballfashion.org\/wordpress\/wp-json\/wp\/v2\/tags?post=43425"}],"curies":[{"name":"wp","href":"https:\/\/api.w.org\/{rel}","templated":true}]}}